{"id":43,"date":"2026-02-25T17:16:00","date_gmt":"2026-02-25T17:16:00","guid":{"rendered":"https:\/\/cms.heiligkreuz-trier.de\/?p=43"},"modified":"2026-02-25T17:16:57","modified_gmt":"2026-02-25T17:16:57","slug":"gottesdienstordnung","status":"publish","type":"post","link":"https:\/\/cms.heiligkreuz-trier.de\/?p=43","title":{"rendered":"Gottesdienstordnung"},"content":{"rendered":"\n<figure class=\"wp-block-table\"><table class=\"has-fixed-layout\"><tbody><tr><td><strong><br>Samstag<\/strong><\/td><td><strong>31.01.<\/strong><\/td><td><strong>Hl. Johannes Bosco<\/strong><\/td><\/tr><tr><td>St. Michael<\/td><td>14:30<\/td><td>Generalprobe der Chorgemeinschaft Heiligkreuz<\/td><\/tr><tr><td>St. Maternus<\/td><td>18:00<\/td><td>Vorabendmesse<em>Int.:<\/em>&nbsp;Gisela Schaefer, geb. Fuchs<\/td><\/tr><tr><td colspan=\"3\">&nbsp;<\/td><\/tr><tr><td><strong>Sonntag<\/strong><\/td><td><strong>01.02.<\/strong><\/td><td><strong>4. Sonntag im Jahreskreis<\/strong><\/td><\/tr><tr><td>St. Michael<\/td><td>11:00<\/td><td>Hochamt mit Verabschiedung von Burkhard P\u00fctz als hauptamtlichem Kirchenmusiker der Pfarrei Heiligkreuz-Mariahof<em>Int.:<\/em>&nbsp;2. Jgd. Stefan Kr\u00e4mer, Gisela Kr\u00e4mer, Alex Kr\u00e4mer, Leo Musti<strong>Musikalische Gestaltung:<\/strong><br>Christopher Tambling: Messe in G f\u00fcr Chor, Gemeinde und Orgel&nbsp;<br>Gregorianischer Choral: Introitus \u201eLaetetur cor\u201c&nbsp;|&nbsp;Communio \u201eBeati mundo corde\u201c&nbsp;<br>Johann Sebastian Bach: Psallite Deo nostro (Chorfuge aus BWV 243) |&nbsp;Charles Hubert Hastings Parry: Jerusalem &#8211; \u201eDu h\u00f6chstes Licht\u201c&nbsp;(Arr. B. P\u00fctz) |&nbsp;John Rutter: The Lord bless you and keep you |&nbsp;Josep Oll\u00e9 i Sabat\u00e9: Vos estis lux mundi |&nbsp;Francesco Meneghello: Licht des Lebens, Flamme unsrer Hoffnung&nbsp;<br>Orgelmusik | J. S. Bach: Toccata et Fuga in F (BWV 540)<br><em>Chorgemeinschaft Heiligkreuz Trier |&nbsp;Dr. Adrian Caspari, Orgel<\/em><br><em>Leitung: Burkhard P\u00fctz<\/em><\/td><\/tr><tr><td colspan=\"3\">&nbsp;<\/td><\/tr><tr><td><strong>Dienstag<\/strong><\/td><td><strong>03.02.<\/strong><\/td><td><strong>Hl. Blasius von Sebaste | Hl. Ansgar<\/strong><\/td><\/tr><tr><td>St. Michael<\/td><td>09:00<\/td><td>hl. Messe<\/td><\/tr><tr><td colspan=\"3\">&nbsp;<\/td><\/tr><tr><td><strong>Mittwoch<\/strong><\/td><td><strong>04.02.<\/strong><\/td><td><strong>Mittwoch der 4. Woche im Jahreskreis<\/strong><\/td><\/tr><tr><td>Heiligkreuz<\/td><td>14:30<\/td><td>hl.&nbsp;Messe<\/td><\/tr><tr><td colspan=\"3\">&nbsp;<\/td><\/tr><tr><td><strong>Samstag<\/strong><\/td><td><strong>07.02.<\/strong><\/td><td><strong>Samstag der 4. Woche im Jahreskreis<\/strong><\/td><\/tr><tr><td>St. Maternus<\/td><td>18:00<\/td><td>Vorabendmesse<\/td><\/tr><tr><td colspan=\"3\">&nbsp;<\/td><\/tr><tr><td><strong>Sonntag<\/strong><\/td><td><strong>08.02.<\/strong><\/td><td><strong>5. Sonntag im Jahreskreis<\/strong><\/td><\/tr><tr><td>Heiligkreuz<\/td><td>11:00<\/td><td>Hochamt<\/td><\/tr><tr><td>&nbsp;<\/td><td>14:00<\/td><td>Tauffeier<\/td><\/tr><tr><td>&nbsp;<\/td><td>15:00<\/td><td>Tauffeier Mila Vosswinkel<\/td><\/tr><tr><td colspan=\"3\">&nbsp;<\/td><\/tr><tr><td><strong>Montag<\/strong><\/td><td><strong>09.02.<\/strong><\/td><td><strong>Montag der 5. Woche im Jahreskreis<\/strong><\/td><\/tr><tr><td>Heiligkreuz<\/td><td>09:30<\/td><td>Morgenimpuls&nbsp;<strong><\/strong><\/td><\/tr><tr><td colspan=\"3\">&nbsp;<\/td><\/tr><tr><td><strong>Dienstag<\/strong><\/td><td><strong>10.02.<\/strong><\/td><td><strong>Hl. Scholastika<\/strong><\/td><\/tr><tr><td>St. Michael<\/td><td>09:00<\/td><td>hl. Messe<\/td><\/tr><tr><td colspan=\"3\">&nbsp;<\/td><\/tr><tr><td><strong>Mittwoch<\/strong><\/td><td><strong>11.02.<\/strong><\/td><td><strong>Mittwoch der 5. Woche im Jahreskreis<\/strong><\/td><\/tr><tr><td>Heiligkreuz<\/td><td>14:30<\/td><td>hl.&nbsp;Messe<\/td><\/tr><tr><td>St. Michael<\/td><td>15:15<\/td><td>Weggottesdienst der Kommunionkinder<\/td><\/tr><tr><td colspan=\"3\">&nbsp;<\/td><\/tr><tr><td><strong>Samstag<\/strong><\/td><td><strong>14.02.<\/strong><\/td><td><strong>Hl. Cyrill und hl. Methodius<\/strong><\/td><\/tr><tr><td>St. Maternus<\/td><td>18:00<\/td><td>Vorabendmesse<\/td><\/tr><tr><td colspan=\"3\">&nbsp;<\/td><\/tr><tr><td><strong>Sonntag<\/strong><\/td><td><strong>15.02.<\/strong><\/td><td><strong>6. Sonntag im Jahreskreis<\/strong><\/td><\/tr><tr><td>St. Michael<\/td><td>11:00<\/td><td>Hochamt<em>Int.:<\/em>&nbsp;Klaus Hinrichs und Familien Orthen \/ Hinrichs<\/td><\/tr><tr><td colspan=\"3\">&nbsp;<\/td><\/tr><tr><td><strong>Dienstag<\/strong><\/td><td><strong>17.02.<\/strong><\/td><td><strong>Dienstag der 6. Woche im Jahreskreis<\/strong><\/td><\/tr><tr><td>St. Michael<\/td><td>09:00<\/td><td>hl. Messe<\/td><\/tr><tr><td colspan=\"3\">&nbsp;<\/td><\/tr><tr><td><strong>Mittwoch<\/strong><\/td><td><strong>18.02.<\/strong><\/td><td><strong>Aschermittwoch<\/strong><\/td><\/tr><tr><td>Heiligkreuz<\/td><td>09:00<\/td><td>hl.&nbsp;Messe BMR<\/td><\/tr><tr><td>&nbsp;<\/td><td>18:00<\/td><td>hl.&nbsp;Messe&nbsp;mit Austeilung des Aschenkreuzes<\/td><\/tr><tr><td colspan=\"3\">&nbsp;<\/td><\/tr><tr><td><strong>Donnerstag<\/strong><\/td><td><strong>19.02.<\/strong><\/td><td><strong>Donnerstag nach Aschermittwoch<\/strong><\/td><\/tr><tr><td>Heiligkreuz<\/td><td>12:15<\/td><td>Wortgottesdienst Grundschule Heiligkreuz&nbsp;&nbsp;&nbsp;&nbsp;&nbsp;&nbsp;&nbsp;&nbsp;&nbsp;&nbsp;&nbsp;&nbsp;&nbsp;&nbsp;&nbsp;&nbsp;&nbsp;&nbsp;&nbsp;&nbsp;&nbsp;&nbsp;&nbsp;&nbsp;&nbsp;&nbsp;&nbsp;&nbsp;&nbsp;&nbsp;&nbsp;&nbsp;&nbsp;&nbsp;&nbsp;&nbsp;&nbsp;&nbsp;&nbsp;<\/td><\/tr><tr><td colspan=\"3\">&nbsp;<\/td><\/tr><tr><td><strong>Freitag<\/strong><\/td><td><strong>20.02.<\/strong><\/td><td><strong>Freitag nach Aschermittwoch<\/strong><\/td><\/tr><tr><td>St. Michael<\/td><td>08:10<\/td><td>Wortgottesdienst Grundschule Mariahof<\/td><\/tr><tr><td colspan=\"3\">&nbsp;<\/td><\/tr><tr><td><strong>Samstag<\/strong><\/td><td><strong>21.02.<\/strong><\/td><td><strong>Samstag nach Aschermittwoch<\/strong><\/td><\/tr><tr><td>St. Maternus<\/td><td>18:00<\/td><td>Vorabendmesse<em>Int.:<\/em>&nbsp;Maria und Leo Oberbillig und Lebende und Verstorbene der Familie Oberbillig-Blau<\/td><\/tr><tr><td colspan=\"3\">&nbsp;<\/td><\/tr><tr><td><strong>Sonntag<\/strong><\/td><td><strong>22.02.<\/strong><\/td><td><strong>1. Fastensonntag<br><\/strong><em>&#8211; Kollekte f\u00fcr das Priesterseminar<\/em><\/td><\/tr><tr><td>Heiligkreuz<\/td><td>11:00<\/td><td>Hochamt<\/td><\/tr><tr><td colspan=\"3\">&nbsp;<\/td><\/tr><tr><td><strong>Dienstag<\/strong><\/td><td><strong>24.02.<\/strong><\/td><td><strong>Hl. Matthias<\/strong><\/td><\/tr><tr><td>St. Michael<\/td><td>09:00<\/td><td>hl. Messe<\/td><\/tr><tr><td colspan=\"3\">&nbsp;<\/td><\/tr><tr><td><strong>Mittwoch<\/strong><\/td><td><strong>25.02.<\/strong><\/td><td><strong>Mittwoch der 1. Fastenwoche<\/strong><\/td><\/tr><tr><td>Heiligkreuz<\/td><td>14:30<\/td><td>hl.&nbsp;Messe<\/td><\/tr><tr><td>St. Michael<\/td><td>15:15<\/td><td>Weggottesdienst der Kommunionkinder<\/td><\/tr><tr><td colspan=\"3\">&nbsp;<\/td><\/tr><tr><td><strong>Samstag<\/strong><\/td><td><strong>28.02.<\/strong><\/td><td><strong>Samstag der 1. Fastenwoche<\/strong><\/td><\/tr><tr><td>St. Maternus<\/td><td>18:00<\/td><td>Vorabendmesse<\/td><\/tr><tr><td colspan=\"3\">&nbsp;<\/td><\/tr><tr><td><strong>Sonntag<\/strong><\/td><td><strong>01.03.<\/strong><\/td><td><strong>2. Fastensonntag<\/strong><\/td><\/tr><tr><td>St. Maternus<\/td><td>11:00<\/td><td>Familienmesse, anschl. Umtrunk<\/td><\/tr><tr><td>St. Michael<\/td><td>11:00<\/td><td>Hochamt<\/td><\/tr><tr><td>&nbsp;<\/td><td>15:00<\/td><td>Kirchenf\u00fchrung durch Dr. Hildegard Bogerts<\/td><\/tr><\/tbody><\/table><\/figure>\n","protected":false},"excerpt":{"rendered":"<p>Samstag 31.01. Hl. Johannes Bosco St. Michael 14:30 Generalprobe der Chorgemeinschaft Heiligkreuz St. Maternus 18:00 VorabendmesseInt.:&nbsp;Gisela Schaefer, geb. Fuchs &nbsp; Sonntag 01.02. 4. Sonntag im Jahreskreis St. Michael 11:00 Hochamt mit Verabschiedung von Burkhard P\u00fctz als hauptamtlichem Kirchenmusiker der Pfarrei Heiligkreuz-MariahofInt.:&nbsp;2. Jgd. Stefan Kr\u00e4mer, Gisela Kr\u00e4mer, Alex Kr\u00e4mer, Leo MustiMusikalische Gestaltung:Christopher Tambling: Messe in G [&hellip;]<\/p>\n","protected":false},"author":2,"featured_media":0,"comment_status":"open","ping_status":"open","sticky":false,"template":"","format":"standard","meta":{"footnotes":""},"categories":[7],"tags":[],"class_list":["post-43","post","type-post","status-publish","format-standard","hentry","category-gottesdienste"],"_links":{"self":[{"href":"https:\/\/cms.heiligkreuz-trier.de\/index.php?rest_route=\/wp\/v2\/posts\/43","targetHints":{"allow":["GET"]}}],"collection":[{"href":"https:\/\/cms.heiligkreuz-trier.de\/index.php?rest_route=\/wp\/v2\/posts"}],"about":[{"href":"https:\/\/cms.heiligkreuz-trier.de\/index.php?rest_route=\/wp\/v2\/types\/post"}],"author":[{"embeddable":true,"href":"https:\/\/cms.heiligkreuz-trier.de\/index.php?rest_route=\/wp\/v2\/users\/2"}],"replies":[{"embeddable":true,"href":"https:\/\/cms.heiligkreuz-trier.de\/index.php?rest_route=%2Fwp%2Fv2%2Fcomments&post=43"}],"version-history":[{"count":1,"href":"https:\/\/cms.heiligkreuz-trier.de\/index.php?rest_route=\/wp\/v2\/posts\/43\/revisions"}],"predecessor-version":[{"id":44,"href":"https:\/\/cms.heiligkreuz-trier.de\/index.php?rest_route=\/wp\/v2\/posts\/43\/revisions\/44"}],"wp:attachment":[{"href":"https:\/\/cms.heiligkreuz-trier.de\/index.php?rest_route=%2Fwp%2Fv2%2Fmedia&parent=43"}],"wp:term":[{"taxonomy":"category","embeddable":true,"href":"https:\/\/cms.heiligkreuz-trier.de\/index.php?rest_route=%2Fwp%2Fv2%2Fcategories&post=43"},{"taxonomy":"post_tag","embeddable":true,"href":"https:\/\/cms.heiligkreuz-trier.de\/index.php?rest_route=%2Fwp%2Fv2%2Ftags&post=43"}],"curies":[{"name":"wp","href":"https:\/\/api.w.org\/{rel}","templated":true}]}}